{"id":3179,"date":"2025-10-25T14:45:33","date_gmt":"2025-10-25T12:45:33","guid":{"rendered":"https:\/\/aletlesbains.com\/site\/?p=3179"},"modified":"2025-10-25T14:45:33","modified_gmt":"2025-10-25T12:45:33","slug":"vivons-le-theatre-le-22-novembre-a-19h-especes-disparues","status":"publish","type":"post","link":"https:\/\/aletlesbains.com\/site\/vivons-le-theatre-le-22-novembre-a-19h-especes-disparues\/?lang=fr","title":{"rendered":"Vivons le th\u00e9\u00e2tre , le 22 novembre \u00e0 19h \u00ab\u00a0Esp\u00e8ces disparues \u00ab\u00a0"},"content":{"rendered":"dans le cadre du festival itin\u00e9rant \u00ab Vivons le th\u00e9\u00e2tre en Corbi\u00e8res Minervois \u00bb, venez profiter d\u2019une s\u00e9ance proche de chez vous !<\/p>\n<p>De St\u00e9phane Jaubertie<br \/>\nDans un futur proche, les \u00e9motions comme l\u2019esprit critique ont \u00e9t\u00e9 interdits : place au confort ! Un groupe d\u2019humains visite en avant-premi\u00e8re le Centre International des Esp\u00e8ces Disparues. Du Dodo de l\u2019\u00efle Maurice au Dauphin blanc, ils s\u2019extasient devant ces reliques d\u2019un monde oubli\u00e9. Jusqu\u2019\u00e0 un curieux hominid\u00e9 qui leur semble familier et ravive peu \u00e0 peu souvenirs et \u00e9motions\u2026<br \/>\nAvec : Agn\u00e8s Buissan, Elsa Poty, Olivier Urbe, Christian Chessa<\/p>\n<p>Ap\u00e9ro d\u00eenatoire offert par la commune<\/p>\n<p>Attention les places sont limit\u00e9es.<br \/>\nAucune r\u00e9servation ne sera prise le jour m\u00eame.","protected":false},"excerpt":{"rendered":"<p>dans le cadre du festival itin\u00e9rant \u00ab Vivons le th\u00e9\u00e2tre en Corbi\u00e8res Minervois \u00bb, venez profiter d\u2019une s\u00e9ance proche de chez vous ! De St\u00e9phane Jaubertie Dans un futur proche, les \u00e9motions comme l\u2019esprit critique ont \u00e9t\u00e9 interdits : place au confort ! Un groupe d\u2019humains visite en avant-premi\u00e8re le Centre International des Esp\u00e8ces Disparues. [&hellip;]<\/p>\n","protected":false},"author":5,"featured_media":3180,"comment_status":"closed","ping_status":"open","sticky":false,"template":"","format":"standard","meta":{"_et_pb_use_builder":"","_et_pb_old_content":"","_et_gb_content_width":"","footnotes":""},"categories":[9],"tags":[],"class_list":["post-3179","post","type-post","status-publish","format-standard","has-post-thumbnail","hentry","category-actualites"],"yoast_head":"<!-- This site is optimized with the Yoast SEO plugin v27.1.1 - https:\/\/yoast.com\/product\/yoast-seo-wordpress\/ -->\n<title>Vivons le th\u00e9\u00e2tre , le 22 novembre \u00e0 19h &quot;Esp\u00e8ces disparues &quot; - Mairie d&#039;Alet les bains - site Officiel<\/title>\n<meta name=\"robots\" content=\"index, follow, max-snippet:-1, max-image-preview:large, max-video-preview:-1\" \/>\n<link rel=\"canonical\" href=\"https:\/\/aletlesbains.com\/site\/vivons-le-theatre-le-22-novembre-a-19h-especes-disparues\/\" \/>\n<meta property=\"og:locale\" content=\"fr_FR\" \/>\n<meta property=\"og:type\" content=\"article\" \/>\n<meta property=\"og:title\" content=\"[:fr]Vivons le th\u00e9\u00e2tre , le 22 novembre \u00e0 19h &quot;Esp\u00e8ces disparues &quot;[:] - Mairie d&#039;Alet les bains - site Officiel\" \/>\n<meta property=\"og:description\" content=\"dans le cadre du festival itin\u00e9rant \u00ab Vivons le th\u00e9\u00e2tre en Corbi\u00e8res Minervois \u00bb, venez profiter d\u2019une s\u00e9ance proche de chez vous ! De St\u00e9phane Jaubertie Dans un futur proche, les \u00e9motions comme l\u2019esprit critique ont \u00e9t\u00e9 interdits : place au confort ! Un groupe d\u2019humains visite en avant-premi\u00e8re le Centre International des Esp\u00e8ces Disparues. [&hellip;]\" \/>\n<meta property=\"og:url\" content=\"https:\/\/aletlesbains.com\/site\/vivons-le-theatre-le-22-novembre-a-19h-especes-disparues\/\" \/>\n<meta property=\"og:site_name\" content=\"Mairie d&#039;Alet les bains - site Officiel\" \/>\n<meta property=\"article:published_time\" content=\"2025-10-25T12:45:33+00:00\" \/>\n<meta property=\"og:image\" content=\"https:\/\/aletlesbains.com\/site\/wp-content\/uploads\/2025\/10\/10-affiche-ALET-2025-Ticket-page-001-scaled.jpg\" \/>\n\t<meta property=\"og:image:width\" content=\"1228\" \/>\n\t<meta property=\"og:image:height\" content=\"2560\" \/>\n\t<meta property=\"og:image:type\" content=\"image\/jpeg\" \/>\n<meta name=\"author\" content=\"St\u00e9phanie Ubeda\" \/>\n<meta name=\"twitter:card\" content=\"summary_large_image\" \/>\n<meta name=\"twitter:label1\" content=\"\u00c9crit par\" \/>\n\t<meta name=\"twitter:data1\" content=\"St\u00e9phanie Ubeda\" \/>\n\t<meta name=\"twitter:label2\" content=\"Dur\u00e9e de lecture estim\u00e9e\" \/>\n\t<meta name=\"twitter:data2\" content=\"1 minute\" \/>\n<script type=\"application\/ld+json\" class=\"yoast-schema-graph\">{\"@context\":\"https:\/\/schema.org\",\"@graph\":[{\"@type\":\"Article\",\"@id\":\"https:\/\/aletlesbains.com\/site\/vivons-le-theatre-le-22-novembre-a-19h-especes-disparues\/#article\",\"isPartOf\":{\"@id\":\"https:\/\/aletlesbains.com\/site\/vivons-le-theatre-le-22-novembre-a-19h-especes-disparues\/\"},\"author\":{\"name\":\"St\u00e9phanie Ubeda\",\"@id\":\"https:\/\/aletlesbains.com\/site\/#\/schema\/person\/e4d4d93bb5f6a643c728838523566306\"},\"headline\":\"Vivons le th\u00e9\u00e2tre , le 22 novembre \u00e0 19h \u00ab\u00a0Esp\u00e8ces disparues \u00ab\u00a0\",\"datePublished\":\"2025-10-25T12:45:33+00:00\",\"mainEntityOfPage\":{\"@id\":\"https:\/\/aletlesbains.com\/site\/vivons-le-theatre-le-22-novembre-a-19h-especes-disparues\/\"},\"wordCount\":140,\"image\":{\"@id\":\"https:\/\/aletlesbains.com\/site\/vivons-le-theatre-le-22-novembre-a-19h-especes-disparues\/#primaryimage\"},\"thumbnailUrl\":\"https:\/\/aletlesbains.com\/site\/wp-content\/uploads\/2025\/10\/10-affiche-ALET-2025-Ticket-page-001-scaled.jpg\",\"articleSection\":[\"Actualit\u00e9s\"],\"inLanguage\":\"fr-FR\"},{\"@type\":\"WebPage\",\"@id\":\"https:\/\/aletlesbains.com\/site\/vivons-le-theatre-le-22-novembre-a-19h-especes-disparues\/\",\"url\":\"https:\/\/aletlesbains.com\/site\/vivons-le-theatre-le-22-novembre-a-19h-especes-disparues\/\",\"name\":\"[:fr]Vivons le th\u00e9\u00e2tre , le 22 novembre \u00e0 19h \\\"Esp\u00e8ces disparues \\\"[:] - Mairie d&#039;Alet les bains - site Officiel\",\"isPartOf\":{\"@id\":\"https:\/\/aletlesbains.com\/site\/#website\"},\"primaryImageOfPage\":{\"@id\":\"https:\/\/aletlesbains.com\/site\/vivons-le-theatre-le-22-novembre-a-19h-especes-disparues\/#primaryimage\"},\"image\":{\"@id\":\"https:\/\/aletlesbains.com\/site\/vivons-le-theatre-le-22-novembre-a-19h-especes-disparues\/#primaryimage\"},\"thumbnailUrl\":\"https:\/\/aletlesbains.com\/site\/wp-content\/uploads\/2025\/10\/10-affiche-ALET-2025-Ticket-page-001-scaled.jpg\",\"datePublished\":\"2025-10-25T12:45:33+00:00\",\"author\":{\"@id\":\"https:\/\/aletlesbains.com\/site\/#\/schema\/person\/e4d4d93bb5f6a643c728838523566306\"},\"breadcrumb\":{\"@id\":\"https:\/\/aletlesbains.com\/site\/vivons-le-theatre-le-22-novembre-a-19h-especes-disparues\/#breadcrumb\"},\"inLanguage\":\"fr-FR\",\"potentialAction\":[{\"@type\":\"ReadAction\",\"target\":[\"https:\/\/aletlesbains.com\/site\/vivons-le-theatre-le-22-novembre-a-19h-especes-disparues\/\"]}]},{\"@type\":\"ImageObject\",\"inLanguage\":\"fr-FR\",\"@id\":\"https:\/\/aletlesbains.com\/site\/vivons-le-theatre-le-22-novembre-a-19h-especes-disparues\/#primaryimage\",\"url\":\"https:\/\/aletlesbains.com\/site\/wp-content\/uploads\/2025\/10\/10-affiche-ALET-2025-Ticket-page-001-scaled.jpg\",\"contentUrl\":\"https:\/\/aletlesbains.com\/site\/wp-content\/uploads\/2025\/10\/10-affiche-ALET-2025-Ticket-page-001-scaled.jpg\",\"width\":1228,\"height\":2560},{\"@type\":\"BreadcrumbList\",\"@id\":\"https:\/\/aletlesbains.com\/site\/vivons-le-theatre-le-22-novembre-a-19h-especes-disparues\/#breadcrumb\",\"itemListElement\":[{\"@type\":\"ListItem\",\"position\":1,\"name\":\"Accueil\",\"item\":\"https:\/\/aletlesbains.com\/site\/\"},{\"@type\":\"ListItem\",\"position\":2,\"name\":\"Vivons le th\u00e9\u00e2tre , le 22 novembre \u00e0 19h \u00ab\u00a0Esp\u00e8ces disparues \u00ab\u00a0\"}]},{\"@type\":\"WebSite\",\"@id\":\"https:\/\/aletlesbains.com\/site\/#website\",\"url\":\"https:\/\/aletlesbains.com\/site\/\",\"name\":\"Mairie d&#039;Alet les bains - site Officiel\",\"description\":\"Village Mill\u00e9naire\",\"potentialAction\":[{\"@type\":\"SearchAction\",\"target\":{\"@type\":\"EntryPoint\",\"urlTemplate\":\"https:\/\/aletlesbains.com\/site\/?s={search_term_string}\"},\"query-input\":{\"@type\":\"PropertyValueSpecification\",\"valueRequired\":true,\"valueName\":\"search_term_string\"}}],\"inLanguage\":\"fr-FR\"},{\"@type\":\"Person\",\"@id\":\"https:\/\/aletlesbains.com\/site\/#\/schema\/person\/e4d4d93bb5f6a643c728838523566306\",\"name\":\"St\u00e9phanie Ubeda\",\"image\":{\"@type\":\"ImageObject\",\"inLanguage\":\"fr-FR\",\"@id\":\"https:\/\/aletlesbains.com\/site\/#\/schema\/person\/image\/\",\"url\":\"https:\/\/secure.gravatar.com\/avatar\/312ab4c83b6fe4ce98a1561d65f03143e6a475a339df82c7fd0475f6d29c7ab2?s=96&d=mm&r=g\",\"contentUrl\":\"https:\/\/secure.gravatar.com\/avatar\/312ab4c83b6fe4ce98a1561d65f03143e6a475a339df82c7fd0475f6d29c7ab2?s=96&d=mm&r=g\",\"caption\":\"St\u00e9phanie Ubeda\"},\"url\":\"https:\/\/aletlesbains.com\/site\/author\/wanny\/?lang=fr\"}]}<\/script>\n<!-- \/ Yoast SEO plugin. -->","yoast_head_json":{"title":"[:fr]Vivons le th\u00e9\u00e2tre , le 22 novembre \u00e0 19h \"Esp\u00e8ces disparues \"[:] - Mairie d&#039;Alet les bains - site Officiel","robots":{"index":"index","follow":"follow","max-snippet":"max-snippet:-1","max-image-preview":"max-image-preview:large","max-video-preview":"max-video-preview:-1"},"canonical":"https:\/\/aletlesbains.com\/site\/vivons-le-theatre-le-22-novembre-a-19h-especes-disparues\/","og_locale":"fr_FR","og_type":"article","og_title":"[:fr]Vivons le th\u00e9\u00e2tre , le 22 novembre \u00e0 19h \"Esp\u00e8ces disparues \"[:] - Mairie d&#039;Alet les bains - site Officiel","og_description":"dans le cadre du festival itin\u00e9rant \u00ab Vivons le th\u00e9\u00e2tre en Corbi\u00e8res Minervois \u00bb, venez profiter d\u2019une s\u00e9ance proche de chez vous ! De St\u00e9phane Jaubertie Dans un futur proche, les \u00e9motions comme l\u2019esprit critique ont \u00e9t\u00e9 interdits : place au confort ! Un groupe d\u2019humains visite en avant-premi\u00e8re le Centre International des Esp\u00e8ces Disparues. [&hellip;]","og_url":"https:\/\/aletlesbains.com\/site\/vivons-le-theatre-le-22-novembre-a-19h-especes-disparues\/","og_site_name":"Mairie d&#039;Alet les bains - site Officiel","article_published_time":"2025-10-25T12:45:33+00:00","og_image":[{"width":1228,"height":2560,"url":"https:\/\/aletlesbains.com\/site\/wp-content\/uploads\/2025\/10\/10-affiche-ALET-2025-Ticket-page-001-scaled.jpg","type":"image\/jpeg"}],"author":"St\u00e9phanie Ubeda","twitter_card":"summary_large_image","twitter_misc":{"\u00c9crit par":"St\u00e9phanie Ubeda","Dur\u00e9e de lecture estim\u00e9e":"1 minute"},"schema":{"@context":"https:\/\/schema.org","@graph":[{"@type":"Article","@id":"https:\/\/aletlesbains.com\/site\/vivons-le-theatre-le-22-novembre-a-19h-especes-disparues\/#article","isPartOf":{"@id":"https:\/\/aletlesbains.com\/site\/vivons-le-theatre-le-22-novembre-a-19h-especes-disparues\/"},"author":{"name":"St\u00e9phanie Ubeda","@id":"https:\/\/aletlesbains.com\/site\/#\/schema\/person\/e4d4d93bb5f6a643c728838523566306"},"headline":"Vivons le th\u00e9\u00e2tre , le 22 novembre \u00e0 19h \u00ab\u00a0Esp\u00e8ces disparues \u00ab\u00a0","datePublished":"2025-10-25T12:45:33+00:00","mainEntityOfPage":{"@id":"https:\/\/aletlesbains.com\/site\/vivons-le-theatre-le-22-novembre-a-19h-especes-disparues\/"},"wordCount":140,"image":{"@id":"https:\/\/aletlesbains.com\/site\/vivons-le-theatre-le-22-novembre-a-19h-especes-disparues\/#primaryimage"},"thumbnailUrl":"https:\/\/aletlesbains.com\/site\/wp-content\/uploads\/2025\/10\/10-affiche-ALET-2025-Ticket-page-001-scaled.jpg","articleSection":["Actualit\u00e9s"],"inLanguage":"fr-FR"},{"@type":"WebPage","@id":"https:\/\/aletlesbains.com\/site\/vivons-le-theatre-le-22-novembre-a-19h-especes-disparues\/","url":"https:\/\/aletlesbains.com\/site\/vivons-le-theatre-le-22-novembre-a-19h-especes-disparues\/","name":"[:fr]Vivons le th\u00e9\u00e2tre , le 22 novembre \u00e0 19h \"Esp\u00e8ces disparues \"[:] - Mairie d&#039;Alet les bains - site Officiel","isPartOf":{"@id":"https:\/\/aletlesbains.com\/site\/#website"},"primaryImageOfPage":{"@id":"https:\/\/aletlesbains.com\/site\/vivons-le-theatre-le-22-novembre-a-19h-especes-disparues\/#primaryimage"},"image":{"@id":"https:\/\/aletlesbains.com\/site\/vivons-le-theatre-le-22-novembre-a-19h-especes-disparues\/#primaryimage"},"thumbnailUrl":"https:\/\/aletlesbains.com\/site\/wp-content\/uploads\/2025\/10\/10-affiche-ALET-2025-Ticket-page-001-scaled.jpg","datePublished":"2025-10-25T12:45:33+00:00","author":{"@id":"https:\/\/aletlesbains.com\/site\/#\/schema\/person\/e4d4d93bb5f6a643c728838523566306"},"breadcrumb":{"@id":"https:\/\/aletlesbains.com\/site\/vivons-le-theatre-le-22-novembre-a-19h-especes-disparues\/#breadcrumb"},"inLanguage":"fr-FR","potentialAction":[{"@type":"ReadAction","target":["https:\/\/aletlesbains.com\/site\/vivons-le-theatre-le-22-novembre-a-19h-especes-disparues\/"]}]},{"@type":"ImageObject","inLanguage":"fr-FR","@id":"https:\/\/aletlesbains.com\/site\/vivons-le-theatre-le-22-novembre-a-19h-especes-disparues\/#primaryimage","url":"https:\/\/aletlesbains.com\/site\/wp-content\/uploads\/2025\/10\/10-affiche-ALET-2025-Ticket-page-001-scaled.jpg","contentUrl":"https:\/\/aletlesbains.com\/site\/wp-content\/uploads\/2025\/10\/10-affiche-ALET-2025-Ticket-page-001-scaled.jpg","width":1228,"height":2560},{"@type":"BreadcrumbList","@id":"https:\/\/aletlesbains.com\/site\/vivons-le-theatre-le-22-novembre-a-19h-especes-disparues\/#breadcrumb","itemListElement":[{"@type":"ListItem","position":1,"name":"Accueil","item":"https:\/\/aletlesbains.com\/site\/"},{"@type":"ListItem","position":2,"name":"Vivons le th\u00e9\u00e2tre , le 22 novembre \u00e0 19h \u00ab\u00a0Esp\u00e8ces disparues \u00ab\u00a0"}]},{"@type":"WebSite","@id":"https:\/\/aletlesbains.com\/site\/#website","url":"https:\/\/aletlesbains.com\/site\/","name":"Mairie d&#039;Alet les bains - site Officiel","description":"Village Mill\u00e9naire","potentialAction":[{"@type":"SearchAction","target":{"@type":"EntryPoint","urlTemplate":"https:\/\/aletlesbains.com\/site\/?s={search_term_string}"},"query-input":{"@type":"PropertyValueSpecification","valueRequired":true,"valueName":"search_term_string"}}],"inLanguage":"fr-FR"},{"@type":"Person","@id":"https:\/\/aletlesbains.com\/site\/#\/schema\/person\/e4d4d93bb5f6a643c728838523566306","name":"St\u00e9phanie Ubeda","image":{"@type":"ImageObject","inLanguage":"fr-FR","@id":"https:\/\/aletlesbains.com\/site\/#\/schema\/person\/image\/","url":"https:\/\/secure.gravatar.com\/avatar\/312ab4c83b6fe4ce98a1561d65f03143e6a475a339df82c7fd0475f6d29c7ab2?s=96&d=mm&r=g","contentUrl":"https:\/\/secure.gravatar.com\/avatar\/312ab4c83b6fe4ce98a1561d65f03143e6a475a339df82c7fd0475f6d29c7ab2?s=96&d=mm&r=g","caption":"St\u00e9phanie Ubeda"},"url":"https:\/\/aletlesbains.com\/site\/author\/wanny\/?lang=fr"}]}},"_links":{"self":[{"href":"https:\/\/aletlesbains.com\/site\/wp-json\/wp\/v2\/posts\/3179","targetHints":{"allow":["GET"]}}],"collection":[{"href":"https:\/\/aletlesbains.com\/site\/wp-json\/wp\/v2\/posts"}],"about":[{"href":"https:\/\/aletlesbains.com\/site\/wp-json\/wp\/v2\/types\/post"}],"author":[{"embeddable":true,"href":"https:\/\/aletlesbains.com\/site\/wp-json\/wp\/v2\/users\/5"}],"replies":[{"embeddable":true,"href":"https:\/\/aletlesbains.com\/site\/wp-json\/wp\/v2\/comments?post=3179"}],"version-history":[{"count":2,"href":"https:\/\/aletlesbains.com\/site\/wp-json\/wp\/v2\/posts\/3179\/revisions"}],"predecessor-version":[{"id":3182,"href":"https:\/\/aletlesbains.com\/site\/wp-json\/wp\/v2\/posts\/3179\/revisions\/3182"}],"wp:featuredmedia":[{"embeddable":true,"href":"https:\/\/aletlesbains.com\/site\/wp-json\/wp\/v2\/media\/3180"}],"wp:attachment":[{"href":"https:\/\/aletlesbains.com\/site\/wp-json\/wp\/v2\/media?parent=3179"}],"wp:term":[{"taxonomy":"category","embeddable":true,"href":"https:\/\/aletlesbains.com\/site\/wp-json\/wp\/v2\/categories?post=3179"},{"taxonomy":"post_tag","embeddable":true,"href":"https:\/\/aletlesbains.com\/site\/wp-json\/wp\/v2\/tags?post=3179"}],"curies":[{"name":"wp","href":"https:\/\/api.w.org\/{rel}","templated":true}]}}